{"id":944,"date":"2026-03-01T20:19:56","date_gmt":"2026-03-01T23:19:56","guid":{"rendered":"https:\/\/fernandabassani.com\/?p=944"},"modified":"2026-03-01T20:19:56","modified_gmt":"2026-03-01T23:19:56","slug":"marco-identidade-proposito-e-posicionamento","status":"publish","type":"post","link":"https:\/\/fernandabassani.com\/index.php\/2026\/03\/01\/marco-identidade-proposito-e-posicionamento\/","title":{"rendered":"MAR\u00c7O | Identidade, Prop\u00f3sito e Posicionamento"},"content":{"rendered":"\n<h1 class=\"wp-block-heading\">Prop\u00f3sito: 3 perguntas que todo neg\u00f3cio precisa responder<\/h1>\n\n\n\n<p>Empreender vai muito al\u00e9m de vender um produto ou prestar um servi\u00e7o. Antes de qualquer estrat\u00e9gia, meta ou planejamento, existe uma pergunta silenciosa que sustenta tudo: <strong>por que esse neg\u00f3cio existe?<\/strong><\/p>\n\n\n\n<p>Clareza de identidade n\u00e3o \u00e9 luxo \u2014 \u00e9 dire\u00e7\u00e3o. Quando voc\u00ea sabe quem \u00e9 e o que representa, suas decis\u00f5es ficam mais simples, sua comunica\u00e7\u00e3o se torna mais firme e seu posicionamento ganha consist\u00eancia.<\/p>\n\n\n\n<p>Neste m\u00eas, o convite \u00e9 direto: <strong>pare alguns minutos e reflita sobre tr\u00eas perguntas fundamentais.<\/strong><\/p>\n\n\n\n<hr class=\"wp-block-separator has-alpha-channel-opacity\"\/>\n\n\n\n<h2 class=\"wp-block-heading\">1. O que me move como empres\u00e1ria?<\/h2>\n\n\n\n<p>O que fez voc\u00ea come\u00e7ar?<br>O que te mant\u00e9m em movimento nos dias dif\u00edceis?<br>O que faz seu trabalho ter sentido al\u00e9m do faturamento?<\/p>\n\n\n\n<p>Prop\u00f3sito n\u00e3o \u00e9 uma frase bonita para redes sociais. \u00c9 aquilo que sustenta suas escolhas. Ele aparece nas decis\u00f5es que voc\u00ea toma, nos clientes que voc\u00ea aceita (ou recusa), na forma como voc\u00ea conduz sua equipe e na experi\u00eancia que entrega.<\/p>\n\n\n\n<p>Se voc\u00ea tivesse que explicar, em poucas palavras, o que te move, o que diria?<\/p>\n\n\n\n<hr class=\"wp-block-separator has-alpha-channel-opacity\"\/>\n\n\n\n<h2 class=\"wp-block-heading\">2. Que problema real eu resolvo?<\/h2>\n\n\n\n<p>Todo neg\u00f3cio existe para resolver algo.<br>Mas nem sempre temos clareza sobre isso.<\/p>\n\n\n\n<p>Voc\u00ea vende um produto \u2014 ou entrega transforma\u00e7\u00e3o?<br>Voc\u00ea presta um servi\u00e7o \u2014 ou resolve uma dor espec\u00edfica?<\/p>\n\n\n\n<p>Quando voc\u00ea entende claramente qual problema resolve, sua comunica\u00e7\u00e3o melhora, seu p\u00fablico fica mais definido e seu valor se fortalece.<\/p>\n\n\n\n<p>Pergunte-se:<br>Se meu neg\u00f3cio deixasse de existir hoje, o que faria falta na vida dos meus clientes?<\/p>\n\n\n\n<p>A resposta a essa pergunta revela seu verdadeiro papel no mercado.<\/p>\n\n\n\n<hr class=\"wp-block-separator has-alpha-channel-opacity\"\/>\n\n\n\n<h2 class=\"wp-block-heading\">3. O que torna meu neg\u00f3cio diferente?<\/h2>\n\n\n\n<p>Em um mercado competitivo, diferencia\u00e7\u00e3o n\u00e3o est\u00e1 apenas no pre\u00e7o ou na t\u00e9cnica. Muitas vezes, ela est\u00e1 em voc\u00ea.<\/p>\n\n\n\n<p>Sua hist\u00f3ria.<br>Sua forma de atender.<br>Seus valores.<br>Sua vis\u00e3o.<\/p>\n\n\n\n<p>O que s\u00f3 voc\u00ea entrega do seu jeito?<br>O que faz algu\u00e9m escolher voc\u00ea e n\u00e3o outra empresa?<\/p>\n\n\n\n<p>Posicionamento n\u00e3o \u00e9 tentar ser tudo para todos. \u00c9 ter clareza sobre o que voc\u00ea representa \u2014 e sustentar isso com coer\u00eancia.<\/p>\n\n\n\n<hr class=\"wp-block-separator has-alpha-channel-opacity\"\/>\n\n\n\n<h2 class=\"wp-block-heading\">Para refletir<\/h2>\n\n\n\n<ul class=\"wp-block-list\">\n<li>Meu neg\u00f3cio se parece comigo?<\/li>\n\n\n\n<li>Meus valores aparecem na pr\u00e1tica?<\/li>\n\n\n\n<li>Eu consigo explicar, em uma frase, o que fa\u00e7o e por que fa\u00e7o?<\/li>\n<\/ul>\n\n\n\n<p>Clareza gera dire\u00e7\u00e3o.<br>Dire\u00e7\u00e3o gera seguran\u00e7a.<br>Seguran\u00e7a gera posicionamento.<\/p>\n\n\n\n<p>Este \u00e9 o ponto de partida da nossa jornada em 2026: alinhar quem voc\u00ea \u00e9 ao que seu neg\u00f3cio representa.<\/p>\n\n\n\n<p>Agora, pegue papel e caneta \u2014 e responda:<\/p>\n\n\n\n<div class=\"wp-block-group is-vertical is-layout-flex wp-container-core-group-is-layout-8cf370e7 wp-block-group-is-layout-flex\">\n<p>1. O que me move como empres\u00e1ria?<\/p>\n\n\n\n<p>2. Que problema real eu resolvo?<\/p>\n\n\n\n<p>3. O que torna meu neg\u00f3cio diferente?<\/p>\n<\/div>\n\n\n\n<p><\/p>\n","protected":false},"excerpt":{"rendered":"<p>Prop\u00f3sito: 3 perguntas que todo neg\u00f3cio precisa responder Empreender vai muito al\u00e9m de vender um produto ou prestar um servi\u00e7o. Antes de qualquer estrat\u00e9gia, meta ou planejamento, existe uma pergunta silenciosa que sustenta tudo: por que esse neg\u00f3cio existe? Clareza de identidade n\u00e3o \u00e9 luxo \u2014 \u00e9 dire\u00e7\u00e3o. Quando voc\u00ea sabe quem \u00e9 e o [&hellip;]<\/p>\n","protected":false},"author":1,"featured_media":0,"comment_status":"closed","ping_status":"open","sticky":false,"template":"","format":"standard","meta":{"footnotes":""},"categories":[1],"tags":[],"class_list":["post-944","post","type-post","status-publish","format-standard","hentry","category-sem-categoria"],"_links":{"self":[{"href":"https:\/\/fernandabassani.com\/index.php\/wp-json\/wp\/v2\/posts\/944","targetHints":{"allow":["GET"]}}],"collection":[{"href":"https:\/\/fernandabassani.com\/index.php\/wp-json\/wp\/v2\/posts"}],"about":[{"href":"https:\/\/fernandabassani.com\/index.php\/wp-json\/wp\/v2\/types\/post"}],"author":[{"embeddable":true,"href":"https:\/\/fernandabassani.com\/index.php\/wp-json\/wp\/v2\/users\/1"}],"replies":[{"embeddable":true,"href":"https:\/\/fernandabassani.com\/index.php\/wp-json\/wp\/v2\/comments?post=944"}],"version-history":[{"count":1,"href":"https:\/\/fernandabassani.com\/index.php\/wp-json\/wp\/v2\/posts\/944\/revisions"}],"predecessor-version":[{"id":945,"href":"https:\/\/fernandabassani.com\/index.php\/wp-json\/wp\/v2\/posts\/944\/revisions\/945"}],"wp:attachment":[{"href":"https:\/\/fernandabassani.com\/index.php\/wp-json\/wp\/v2\/media?parent=944"}],"wp:term":[{"taxonomy":"category","embeddable":true,"href":"https:\/\/fernandabassani.com\/index.php\/wp-json\/wp\/v2\/categories?post=944"},{"taxonomy":"post_tag","embeddable":true,"href":"https:\/\/fernandabassani.com\/index.php\/wp-json\/wp\/v2\/tags?post=944"}],"curies":[{"name":"wp","href":"https:\/\/api.w.org\/{rel}","templated":true}]}}