{"id":205,"date":"2020-06-23T00:01:00","date_gmt":"2020-06-23T03:01:00","guid":{"rendered":"http:\/\/fernandabassani.com\/?p=205"},"modified":"2020-07-22T22:50:47","modified_gmt":"2020-07-23T01:50:47","slug":"i-cobicet","status":"publish","type":"post","link":"https:\/\/fernandabassani.com\/index.php\/2020\/06\/23\/i-cobicet\/","title":{"rendered":"I CoBICET"},"content":{"rendered":"\n<p class=\"has-text-align-center\">I Congresso Brasileiro Interdisciplinar em Ci\u00eancia e Tecnologia.<\/p>\n\n\n\n<p class=\"has-text-align-center\"><strong>Tema: <\/strong>&#8220;Um mundo em constante transforma\u00e7\u00e3o&#8221;.<\/p>\n\n\n\n<p><strong>Resumo:<\/strong> O&nbsp;<strong>I CoBICET<\/strong>, atrav\u00e9s de suas apresenta\u00e7\u00f5es &#8211; palestras, apresenta\u00e7\u00f5es de trabalhos, se prop\u00f5e a mostrar os avan\u00e7os em Ci\u00eancia e Tecnologia, em suas mais diversas atua\u00e7\u00f5es, e apresentar os atuais desafios da educa\u00e7\u00e3o interdisciplinar. Este evento objetiva: atualizar estudantes e profissionais; promover a integra\u00e7\u00e3o entre desenvolvimento tecnol\u00f3gico-cient\u00edfico e inova\u00e7\u00f5es do mercado profissional; divulgar trabalhos cient\u00edficos; e estimular a participa\u00e7\u00e3o de jovens pesquisadores.<\/p>\n\n\n\n<p><strong>Per\u00edodo:<\/strong> 31\/08 a 04\/09 de 2020.<\/p>\n\n\n\n<p><strong>Local: <\/strong>Online.<\/p>\n\n\n\n<p><strong>Submiss\u00e3o de Trabalhos: <\/strong>at\u00e9 30\/06\/2020.<\/p>\n\n\n\n<p><strong>Maiores Informa\u00e7\u00f5es:<\/strong> <a rel=\"noreferrer noopener\" href=\"https:\/\/www.even3.com.br\/icobicet2020\/\" target=\"_blank\">https:\/\/www.even3.com.br\/icobicet2020\/<\/a><\/p>\n\n\n\n<p class=\"has-text-align-center\"><strong>N\u00e3o deixe de participar!<\/strong><\/p>\n","protected":false},"excerpt":{"rendered":"<p>O I CoBICET, atrav\u00e9s de suas apresenta\u00e7\u00f5es &#8211; palestras, apresenta\u00e7\u00f5es de trabalhos, se prop\u00f5e a mostrar os avan\u00e7os em Ci\u00eancia e Tecnologia, em suas mais diversas atua\u00e7\u00f5es, e apresentar os atuais desafios da educa\u00e7\u00e3o interdisciplinar. Este evento objetiva: atualizar estudantes e profissionais; promover a integra\u00e7\u00e3o entre desenvolvimento tecnol\u00f3gico-cient\u00edfico e inova\u00e7\u00f5es do mercado profissional; divulgar trabalhos cient\u00edficos; e estimular a participa\u00e7\u00e3o de jovens pesquisadores.<\/p>\n","protected":false},"author":1,"featured_media":208,"comment_status":"open","ping_status":"open","sticky":false,"template":"","format":"standard","meta":{"footnotes":""},"categories":[7,76],"tags":[64,63,65,25,66,24],"class_list":["post-205","post","type-post","status-publish","format-standard","has-post-thumbnail","hentry","category-d","category-eventos","tag-ciencia","tag-congresso","tag-envio-de-trabalhos","tag-evento","tag-online","tag-tecnologia"],"_links":{"self":[{"href":"https:\/\/fernandabassani.com\/index.php\/wp-json\/wp\/v2\/posts\/205","targetHints":{"allow":["GET"]}}],"collection":[{"href":"https:\/\/fernandabassani.com\/index.php\/wp-json\/wp\/v2\/posts"}],"about":[{"href":"https:\/\/fernandabassani.com\/index.php\/wp-json\/wp\/v2\/types\/post"}],"author":[{"embeddable":true,"href":"https:\/\/fernandabassani.com\/index.php\/wp-json\/wp\/v2\/users\/1"}],"replies":[{"embeddable":true,"href":"https:\/\/fernandabassani.com\/index.php\/wp-json\/wp\/v2\/comments?post=205"}],"version-history":[{"count":3,"href":"https:\/\/fernandabassani.com\/index.php\/wp-json\/wp\/v2\/posts\/205\/revisions"}],"predecessor-version":[{"id":223,"href":"https:\/\/fernandabassani.com\/index.php\/wp-json\/wp\/v2\/posts\/205\/revisions\/223"}],"wp:featuredmedia":[{"embeddable":true,"href":"https:\/\/fernandabassani.com\/index.php\/wp-json\/wp\/v2\/media\/208"}],"wp:attachment":[{"href":"https:\/\/fernandabassani.com\/index.php\/wp-json\/wp\/v2\/media?parent=205"}],"wp:term":[{"taxonomy":"category","embeddable":true,"href":"https:\/\/fernandabassani.com\/index.php\/wp-json\/wp\/v2\/categories?post=205"},{"taxonomy":"post_tag","embeddable":true,"href":"https:\/\/fernandabassani.com\/index.php\/wp-json\/wp\/v2\/tags?post=205"}],"curies":[{"name":"wp","href":"https:\/\/api.w.org\/{rel}","templated":true}]}}